{"id":4581,"date":"2022-06-14T14:58:59","date_gmt":"2022-06-14T12:58:59","guid":{"rendered":"https:\/\/exlak.pl\/news\/exlak-automechanika-frankfurt-2022\/"},"modified":"2022-08-23T13:43:04","modified_gmt":"2022-08-23T11:43:04","slug":"exlak-automechanika-frankfurt-2022","status":"publish","type":"post","link":"https:\/\/exlak.pl\/en\/news\/exlak-automechanika-frankfurt-2022\/","title":{"rendered":"Grupa Exlak at Automechanika 2022 Frankfurt!"},"content":{"rendered":"","protected":false},"excerpt":{"rendered":"","protected":false},"author":2,"featured_media":0,"comment_status":"closed","ping_status":"closed","sticky":false,"template":"","format":"standard","meta":{"inline_featured_image":false,"footnotes":""},"categories":[2],"tags":[],"acf":[],"yoast_head":"<!-- This site is optimized with the Yoast SEO plugin v21.5 - https:\/\/yoast.com\/wordpress\/plugins\/seo\/ -->\n<title>Grupa Exlak at Automechanika 2022 Frankfurt! - Exlak<\/title>\n<meta name=\"description\" content=\"We invite you to the Grupa Exlak stand at the international Automechanika 2022 Frankfurt ! You will find us at Hall 11.1, Stand D17!\" \/>\n<meta name=\"robots\" content=\"index, follow, max-snippet:-1, max-image-preview:large, max-video-preview:-1\" \/>\n<link rel=\"canonical\" href=\"https:\/\/exlak.pl\/en\/news\/exlak-automechanika-frankfurt-2022\/\" \/>\n<meta property=\"og:locale\" content=\"en_US\" \/>\n<meta property=\"og:type\" content=\"article\" \/>\n<meta property=\"og:title\" content=\"Grupa Exlak at Automechanika 2022 Frankfurt! - Exlak\" \/>\n<meta property=\"og:description\" content=\"We invite you to the Grupa Exlak stand at the international Automechanika 2022 Frankfurt ! You will find us at Hall 11.1, Stand D17!\" \/>\n<meta property=\"og:url\" content=\"https:\/\/exlak.pl\/en\/news\/exlak-automechanika-frankfurt-2022\/\" \/>\n<meta property=\"og:site_name\" content=\"Exlak\" \/>\n<meta property=\"article:published_time\" content=\"2022-06-14T12:58:59+00:00\" \/>\n<meta property=\"article:modified_time\" content=\"2022-08-23T11:43:04+00:00\" \/>\n<meta name=\"author\" content=\"exlakadmin\" \/>\n<meta name=\"twitter:card\" content=\"summary_large_image\" \/>\n<meta name=\"twitter:label1\" content=\"Written by\" \/>\n\t<meta name=\"twitter:data1\" content=\"exlakadmin\" \/>\n<script type=\"application\/ld+json\" class=\"yoast-schema-graph\">{\"@context\":\"https:\/\/schema.org\",\"@graph\":[{\"@type\":\"WebPage\",\"@id\":\"https:\/\/exlak.pl\/en\/news\/exlak-automechanika-frankfurt-2022\/\",\"url\":\"https:\/\/exlak.pl\/en\/news\/exlak-automechanika-frankfurt-2022\/\",\"name\":\"Grupa Exlak at Automechanika 2022 Frankfurt! - Exlak\",\"isPartOf\":{\"@id\":\"https:\/\/exlak.pl\/#website\"},\"datePublished\":\"2022-06-14T12:58:59+00:00\",\"dateModified\":\"2022-08-23T11:43:04+00:00\",\"author\":{\"@id\":\"https:\/\/exlak.pl\/#\/schema\/person\/de51ce39e37894e0265f7b20987ca65c\"},\"description\":\"We invite you to the Grupa Exlak stand at the international Automechanika 2022 Frankfurt ! You will find us at Hall 11.1, Stand D17!\",\"breadcrumb\":{\"@id\":\"https:\/\/exlak.pl\/en\/news\/exlak-automechanika-frankfurt-2022\/#breadcrumb\"},\"inLanguage\":\"en-US\",\"potentialAction\":[{\"@type\":\"ReadAction\",\"target\":[\"https:\/\/exlak.pl\/en\/news\/exlak-automechanika-frankfurt-2022\/\"]}]},{\"@type\":\"BreadcrumbList\",\"@id\":\"https:\/\/exlak.pl\/en\/news\/exlak-automechanika-frankfurt-2022\/#breadcrumb\",\"itemListElement\":[{\"@type\":\"ListItem\",\"position\":1,\"name\":\"Strona g\u0142\u00f3wna\",\"item\":\"https:\/\/exlak.pl\/en\/\"},{\"@type\":\"ListItem\",\"position\":2,\"name\":\"Grupa Exlak at Automechanika 2022 Frankfurt!\"}]},{\"@type\":\"WebSite\",\"@id\":\"https:\/\/exlak.pl\/#website\",\"url\":\"https:\/\/exlak.pl\/\",\"name\":\"Exlak\",\"description\":\"Mi\u0119dzynarodowy producent bezbarwnych lakier\u00f3w samochodowych oraz dodatk\u00f3w lakierniczych\",\"potentialAction\":[{\"@type\":\"SearchAction\",\"target\":{\"@type\":\"EntryPoint\",\"urlTemplate\":\"https:\/\/exlak.pl\/?s={search_term_string}\"},\"query-input\":\"required name=search_term_string\"}],\"inLanguage\":\"en-US\"},{\"@type\":\"Person\",\"@id\":\"https:\/\/exlak.pl\/#\/schema\/person\/de51ce39e37894e0265f7b20987ca65c\",\"name\":\"exlakadmin\",\"image\":{\"@type\":\"ImageObject\",\"inLanguage\":\"en-US\",\"@id\":\"https:\/\/exlak.pl\/#\/schema\/person\/image\/\",\"url\":\"https:\/\/secure.gravatar.com\/avatar\/7c4406fa5c3980c7692770c39da0f459?s=96&d=mm&r=g\",\"contentUrl\":\"https:\/\/secure.gravatar.com\/avatar\/7c4406fa5c3980c7692770c39da0f459?s=96&d=mm&r=g\",\"caption\":\"exlakadmin\"}}]}<\/script>\n<!-- \/ Yoast SEO plugin. -->","yoast_head_json":{"title":"Grupa Exlak at Automechanika 2022 Frankfurt! - Exlak","description":"We invite you to the Grupa Exlak stand at the international Automechanika 2022 Frankfurt ! You will find us at Hall 11.1, Stand D17!","robots":{"index":"index","follow":"follow","max-snippet":"max-snippet:-1","max-image-preview":"max-image-preview:large","max-video-preview":"max-video-preview:-1"},"canonical":"https:\/\/exlak.pl\/en\/news\/exlak-automechanika-frankfurt-2022\/","og_locale":"en_US","og_type":"article","og_title":"Grupa Exlak at Automechanika 2022 Frankfurt! - Exlak","og_description":"We invite you to the Grupa Exlak stand at the international Automechanika 2022 Frankfurt ! You will find us at Hall 11.1, Stand D17!","og_url":"https:\/\/exlak.pl\/en\/news\/exlak-automechanika-frankfurt-2022\/","og_site_name":"Exlak","article_published_time":"2022-06-14T12:58:59+00:00","article_modified_time":"2022-08-23T11:43:04+00:00","author":"exlakadmin","twitter_card":"summary_large_image","twitter_misc":{"Written by":"exlakadmin"},"schema":{"@context":"https:\/\/schema.org","@graph":[{"@type":"WebPage","@id":"https:\/\/exlak.pl\/en\/news\/exlak-automechanika-frankfurt-2022\/","url":"https:\/\/exlak.pl\/en\/news\/exlak-automechanika-frankfurt-2022\/","name":"Grupa Exlak at Automechanika 2022 Frankfurt! - Exlak","isPartOf":{"@id":"https:\/\/exlak.pl\/#website"},"datePublished":"2022-06-14T12:58:59+00:00","dateModified":"2022-08-23T11:43:04+00:00","author":{"@id":"https:\/\/exlak.pl\/#\/schema\/person\/de51ce39e37894e0265f7b20987ca65c"},"description":"We invite you to the Grupa Exlak stand at the international Automechanika 2022 Frankfurt ! You will find us at Hall 11.1, Stand D17!","breadcrumb":{"@id":"https:\/\/exlak.pl\/en\/news\/exlak-automechanika-frankfurt-2022\/#breadcrumb"},"inLanguage":"en-US","potentialAction":[{"@type":"ReadAction","target":["https:\/\/exlak.pl\/en\/news\/exlak-automechanika-frankfurt-2022\/"]}]},{"@type":"BreadcrumbList","@id":"https:\/\/exlak.pl\/en\/news\/exlak-automechanika-frankfurt-2022\/#breadcrumb","itemListElement":[{"@type":"ListItem","position":1,"name":"Strona g\u0142\u00f3wna","item":"https:\/\/exlak.pl\/en\/"},{"@type":"ListItem","position":2,"name":"Grupa Exlak at Automechanika 2022 Frankfurt!"}]},{"@type":"WebSite","@id":"https:\/\/exlak.pl\/#website","url":"https:\/\/exlak.pl\/","name":"Exlak","description":"Mi\u0119dzynarodowy producent bezbarwnych lakier\u00f3w samochodowych oraz dodatk\u00f3w lakierniczych","potentialAction":[{"@type":"SearchAction","target":{"@type":"EntryPoint","urlTemplate":"https:\/\/exlak.pl\/?s={search_term_string}"},"query-input":"required name=search_term_string"}],"inLanguage":"en-US"},{"@type":"Person","@id":"https:\/\/exlak.pl\/#\/schema\/person\/de51ce39e37894e0265f7b20987ca65c","name":"exlakadmin","image":{"@type":"ImageObject","inLanguage":"en-US","@id":"https:\/\/exlak.pl\/#\/schema\/person\/image\/","url":"https:\/\/secure.gravatar.com\/avatar\/7c4406fa5c3980c7692770c39da0f459?s=96&d=mm&r=g","contentUrl":"https:\/\/secure.gravatar.com\/avatar\/7c4406fa5c3980c7692770c39da0f459?s=96&d=mm&r=g","caption":"exlakadmin"}}]}},"_links":{"self":[{"href":"https:\/\/exlak.pl\/en\/wp-json\/wp\/v2\/posts\/4581"}],"collection":[{"href":"https:\/\/exlak.pl\/en\/wp-json\/wp\/v2\/posts"}],"about":[{"href":"https:\/\/exlak.pl\/en\/wp-json\/wp\/v2\/types\/post"}],"author":[{"embeddable":true,"href":"https:\/\/exlak.pl\/en\/wp-json\/wp\/v2\/users\/2"}],"replies":[{"embeddable":true,"href":"https:\/\/exlak.pl\/en\/wp-json\/wp\/v2\/comments?post=4581"}],"version-history":[{"count":12,"href":"https:\/\/exlak.pl\/en\/wp-json\/wp\/v2\/posts\/4581\/revisions"}],"predecessor-version":[{"id":4602,"href":"https:\/\/exlak.pl\/en\/wp-json\/wp\/v2\/posts\/4581\/revisions\/4602"}],"wp:attachment":[{"href":"https:\/\/exlak.pl\/en\/wp-json\/wp\/v2\/media?parent=4581"}],"wp:term":[{"taxonomy":"category","embeddable":true,"href":"https:\/\/exlak.pl\/en\/wp-json\/wp\/v2\/categories?post=4581"},{"taxonomy":"post_tag","embeddable":true,"href":"https:\/\/exlak.pl\/en\/wp-json\/wp\/v2\/tags?post=4581"}],"curies":[{"name":"wp","href":"https:\/\/api.w.org\/{rel}","templated":true}]}}